{"id":191,"date":"2020-05-12T09:35:02","date_gmt":"2020-05-12T07:35:02","guid":{"rendered":"https:\/\/stowarzyszenie-razem.pl\/?p=191"},"modified":"2024-02-26T14:50:53","modified_gmt":"2024-02-26T13:50:53","slug":"nowa-lepsza-jakosc-sklepu-w-wilkowie","status":"publish","type":"post","link":"https:\/\/stowarzyszenie-razem.pl\/uk\/2020\/05\/12\/nowa-lepsza-jakosc-sklepu-w-wilkowie\/","title":{"rendered":"Nowa, lepsza jako\u015b\u0107 sklepu w Wilkowie."},"content":{"rendered":"<p>W dniu 17.09.2020 r. w miejscowo\u015bci&nbsp;<a href=\"https:\/\/www.google.com\/maps\/search\/Wilk%C3%B3w+Kolonia+Szczekark%C3%B3w+47?entry=gmail&amp;source=g\">Wilk\u00f3w Kolonia Szczekark\u00f3w 47<\/a>&nbsp;nast\u0105pi\u0142o otwarcie naszego sklepu po kompleksowej modernizacji. Zwi\u0119kszenie powierzchni sprzeda\u017cy sklepu do 199 m\u00b2, znacznie poprawi\u0142o komfort i swobod\u0119 w robieniu zakup\u00f3w oraz zapewni\u0142o dost\u0119pno\u015b\u0107 szerokiej gamy produkt\u00f3w i atrakcyjnych promocji. Du\u017cy i wygodny parking przy sklepie to dodatkowy atut. Wizualizacja wewn\u0119trzna i wyposa\u017cenie sklepu zosta\u0142o wykonane zgodnie z projektem i z najnowszymi standardami sieci Lewiatan. W dniu otwarcia dla klient\u00f3w sklepu zosta\u0142o przygotowane wiele atrakcji; promocji, drobnych upomink\u00f3w jak i smacznych degustacji produkt\u00f3w, kt\u00f3re na sta\u0142e b\u0119d\u0105 wyst\u0119powa\u0107 w ofercie sklepu. W naszym sklepie gwarantujemy klientom bogat\u0105 i dostosowan\u0105 do potrzeb lokalnych klient\u00f3w ofert\u0119 artyku\u0142\u00f3w spo\u017cywczych, w\u0119dliniarskich i przemys\u0142owych, jak i asortyment Marki W\u0142asnej Lewiatan wyr\u00f3\u017cniaj\u0105cy si\u0119 bardzo dobr\u0105 jako\u015bci\u0105 i przyst\u0119pn\u0105 cen\u0105.<\/p>\n\n\n\n<p>Serdecznie zapraszamy i \u017cyczymy udanych zakup\u00f3w!<\/p>","protected":false},"excerpt":{"rendered":"<p>W dniu 17.09.2020 r. w miejscowo\u015bci&nbsp;Wilk\u00f3w Kolonia Szczekark\u00f3w 47&nbsp;nast\u0105pi\u0142o otwarcie naszego sklepu po kompleksowej modernizacji. Zwi\u0119kszenie powierzchni sprzeda\u017cy sklepu do 199 m\u00b2, znacznie poprawi\u0142o komfort i swobod\u0119 w robieniu zakup\u00f3w oraz zapewni\u0142o dost\u0119pno\u015b\u0107 szerokiej gamy produkt\u00f3w i atrakcyjnych promocji. Du\u017cy i wygodny parking przy sklepie to dodatkowy atut. Wizualizacja wewn\u0119trzna i wyposa\u017cenie sklepu zosta\u0142o wykonane &hellip;<\/p>\n<p class=\"read-more\"> <a class=\"\" href=\"https:\/\/stowarzyszenie-razem.pl\/uk\/2020\/05\/12\/nowa-lepsza-jakosc-sklepu-w-wilkowie\/\"> <span class=\"screen-reader-text\">Nowa, lepsza jako\u015b\u0107 sklepu w Wilkowie.<\/span> \u0414\u043e\u043a\u043b\u0430\u0434\u043d\u0456\u0448\u0435 &raquo;<\/a><\/p>","protected":false},"author":1,"featured_media":193,"comment_status":"closed","ping_status":"closed","sticky":false,"template":"","format":"standard","meta":{"site-sidebar-layout":"default","site-content-layout":"default","ast-global-header-display":"","ast-banner-title-visibility":"","ast-main-header-display":"","ast-hfb-above-header-display":"","ast-hfb-below-header-display":"","ast-hfb-mobile-header-display":"","site-post-title":"","ast-breadcrumbs-content":"","ast-featured-img":"","footer-sml-layout":"","theme-transparent-header-meta":"","adv-header-id-meta":"","stick-header-meta":"","header-above-stick-meta":"","header-main-stick-meta":"","header-below-stick-meta":"","footnotes":""},"categories":[7],"tags":[],"class_list":["post-191","post","type-post","status-publish","format-standard","has-post-thumbnail","hentry","category-przebudowa"],"acf":[],"yoast_head":"<!-- This site is optimized with the Yoast SEO plugin v22.6 - https:\/\/yoast.com\/wordpress\/plugins\/seo\/ -->\n<title>Nowa, lepsza jako\u015b\u0107 sklepu w Wilkowie. - Stowarzyszenie Razem - Operator sieci Lewiatan<\/title>\n<meta name=\"robots\" content=\"index, follow, max-snippet:-1, max-image-preview:large, max-video-preview:-1\" \/>\n<link rel=\"canonical\" href=\"https:\/\/stowarzyszenie-razem.pl\/uk\/2020\/05\/12\/nowa-lepsza-jakosc-sklepu-w-wilkowie\/\" \/>\n<meta property=\"og:locale\" content=\"uk_UA\" \/>\n<meta property=\"og:type\" content=\"article\" \/>\n<meta property=\"og:title\" content=\"Nowa, lepsza jako\u015b\u0107 sklepu w Wilkowie. - Stowarzyszenie Razem - Operator sieci Lewiatan\" \/>\n<meta property=\"og:description\" content=\"W dniu 17.09.2020 r. w miejscowo\u015bci&nbsp;Wilk\u00f3w Kolonia Szczekark\u00f3w 47&nbsp;nast\u0105pi\u0142o otwarcie naszego sklepu po kompleksowej modernizacji. Zwi\u0119kszenie powierzchni sprzeda\u017cy sklepu do 199 m\u00b2, znacznie poprawi\u0142o komfort i swobod\u0119 w robieniu zakup\u00f3w oraz zapewni\u0142o dost\u0119pno\u015b\u0107 szerokiej gamy produkt\u00f3w i atrakcyjnych promocji. Du\u017cy i wygodny parking przy sklepie to dodatkowy atut. Wizualizacja wewn\u0119trzna i wyposa\u017cenie sklepu zosta\u0142o wykonane &hellip; Nowa, lepsza jako\u015b\u0107 sklepu w Wilkowie. \u0414\u043e\u043a\u043b\u0430\u0434\u043d\u0456\u0448\u0435 &raquo;\" \/>\n<meta property=\"og:url\" content=\"https:\/\/stowarzyszenie-razem.pl\/uk\/2020\/05\/12\/nowa-lepsza-jakosc-sklepu-w-wilkowie\/\" \/>\n<meta property=\"og:site_name\" content=\"Stowarzyszenie Razem - Operator sieci Lewiatan\" \/>\n<meta property=\"article:publisher\" content=\"https:\/\/www.facebook.com\/lewiatanlubelskie\/\" \/>\n<meta property=\"article:published_time\" content=\"2020-05-12T07:35:02+00:00\" \/>\n<meta property=\"article:modified_time\" content=\"2024-02-26T13:50:53+00:00\" \/>\n<meta property=\"og:image\" content=\"https:\/\/stowarzyszenie-razem.pl\/wp-content\/uploads\/2023\/05\/1-min.jpg\" \/>\n\t<meta property=\"og:image:width\" content=\"1024\" \/>\n\t<meta property=\"og:image:height\" content=\"768\" \/>\n\t<meta property=\"og:image:type\" content=\"image\/jpeg\" \/>\n<meta name=\"author\" content=\"admin\" \/>\n<meta name=\"twitter:card\" content=\"summary_large_image\" \/>\n<meta name=\"twitter:label1\" content=\"\u041d\u0430\u043f\u0438\u0441\u0430\u043d\u043e\" \/>\n\t<meta name=\"twitter:data1\" content=\"admin\" \/>\n\t<meta name=\"twitter:label2\" content=\"\u041f\u0440\u0438\u0431\u043b. \u0447\u0430\u0441 \u0447\u0438\u0442\u0430\u043d\u043d\u044f\" \/>\n\t<meta name=\"twitter:data2\" content=\"1 \u0445\u0432\u0438\u043b\u0438\u043d\u0430\" \/>\n<script type=\"application\/ld+json\" class=\"yoast-schema-graph\">{\"@context\":\"https:\/\/schema.org\",\"@graph\":[{\"@type\":\"Article\",\"@id\":\"https:\/\/stowarzyszenie-razem.pl\/2020\/05\/12\/nowa-lepsza-jakosc-sklepu-w-wilkowie\/#article\",\"isPartOf\":{\"@id\":\"https:\/\/stowarzyszenie-razem.pl\/2020\/05\/12\/nowa-lepsza-jakosc-sklepu-w-wilkowie\/\"},\"author\":{\"name\":\"admin\",\"@id\":\"https:\/\/stowarzyszenie-razem.pl\/#\/schema\/person\/4735cf0bb3a31e80d50bcbb9daeeb316\"},\"headline\":\"Nowa, lepsza jako\u015b\u0107 sklepu w Wilkowie.\",\"datePublished\":\"2020-05-12T07:35:02+00:00\",\"dateModified\":\"2024-02-26T13:50:53+00:00\",\"mainEntityOfPage\":{\"@id\":\"https:\/\/stowarzyszenie-razem.pl\/2020\/05\/12\/nowa-lepsza-jakosc-sklepu-w-wilkowie\/\"},\"wordCount\":170,\"publisher\":{\"@id\":\"https:\/\/stowarzyszenie-razem.pl\/#organization\"},\"image\":{\"@id\":\"https:\/\/stowarzyszenie-razem.pl\/2020\/05\/12\/nowa-lepsza-jakosc-sklepu-w-wilkowie\/#primaryimage\"},\"thumbnailUrl\":\"https:\/\/stowarzyszenie-razem.pl\/wp-content\/uploads\/2023\/05\/1-min.jpg\",\"articleSection\":[\"Przebudowa\"],\"inLanguage\":\"uk\"},{\"@type\":\"WebPage\",\"@id\":\"https:\/\/stowarzyszenie-razem.pl\/2020\/05\/12\/nowa-lepsza-jakosc-sklepu-w-wilkowie\/\",\"url\":\"https:\/\/stowarzyszenie-razem.pl\/2020\/05\/12\/nowa-lepsza-jakosc-sklepu-w-wilkowie\/\",\"name\":\"Nowa, lepsza jako\u015b\u0107 sklepu w Wilkowie. - Stowarzyszenie Razem - Operator sieci Lewiatan\",\"isPartOf\":{\"@id\":\"https:\/\/stowarzyszenie-razem.pl\/#website\"},\"primaryImageOfPage\":{\"@id\":\"https:\/\/stowarzyszenie-razem.pl\/2020\/05\/12\/nowa-lepsza-jakosc-sklepu-w-wilkowie\/#primaryimage\"},\"image\":{\"@id\":\"https:\/\/stowarzyszenie-razem.pl\/2020\/05\/12\/nowa-lepsza-jakosc-sklepu-w-wilkowie\/#primaryimage\"},\"thumbnailUrl\":\"https:\/\/stowarzyszenie-razem.pl\/wp-content\/uploads\/2023\/05\/1-min.jpg\",\"datePublished\":\"2020-05-12T07:35:02+00:00\",\"dateModified\":\"2024-02-26T13:50:53+00:00\",\"breadcrumb\":{\"@id\":\"https:\/\/stowarzyszenie-razem.pl\/2020\/05\/12\/nowa-lepsza-jakosc-sklepu-w-wilkowie\/#breadcrumb\"},\"inLanguage\":\"uk\",\"potentialAction\":[{\"@type\":\"ReadAction\",\"target\":[\"https:\/\/stowarzyszenie-razem.pl\/2020\/05\/12\/nowa-lepsza-jakosc-sklepu-w-wilkowie\/\"]}]},{\"@type\":\"ImageObject\",\"inLanguage\":\"uk\",\"@id\":\"https:\/\/stowarzyszenie-razem.pl\/2020\/05\/12\/nowa-lepsza-jakosc-sklepu-w-wilkowie\/#primaryimage\",\"url\":\"https:\/\/stowarzyszenie-razem.pl\/wp-content\/uploads\/2023\/05\/1-min.jpg\",\"contentUrl\":\"https:\/\/stowarzyszenie-razem.pl\/wp-content\/uploads\/2023\/05\/1-min.jpg\",\"width\":1024,\"height\":768},{\"@type\":\"BreadcrumbList\",\"@id\":\"https:\/\/stowarzyszenie-razem.pl\/2020\/05\/12\/nowa-lepsza-jakosc-sklepu-w-wilkowie\/#breadcrumb\",\"itemListElement\":[{\"@type\":\"ListItem\",\"position\":1,\"name\":\"Strona g\u0142\u00f3wna\",\"item\":\"https:\/\/stowarzyszenie-razem.pl\/\"},{\"@type\":\"ListItem\",\"position\":2,\"name\":\"Nowa, lepsza jako\u015b\u0107 sklepu w Wilkowie.\"}]},{\"@type\":\"WebSite\",\"@id\":\"https:\/\/stowarzyszenie-razem.pl\/#website\",\"url\":\"https:\/\/stowarzyszenie-razem.pl\/\",\"name\":\"Stowarzyszenie Razem - Operator sieci Lewiatan\",\"description\":\"Biuro sieci Lewiatan w Lublinie\",\"publisher\":{\"@id\":\"https:\/\/stowarzyszenie-razem.pl\/#organization\"},\"potentialAction\":[{\"@type\":\"SearchAction\",\"target\":{\"@type\":\"EntryPoint\",\"urlTemplate\":\"https:\/\/stowarzyszenie-razem.pl\/?s={search_term_string}\"},\"query-input\":\"required name=search_term_string\"}],\"inLanguage\":\"uk\"},{\"@type\":\"Organization\",\"@id\":\"https:\/\/stowarzyszenie-razem.pl\/#organization\",\"name\":\"Stowarzyszenie Razem - Operator sieci Lewiatan\",\"url\":\"https:\/\/stowarzyszenie-razem.pl\/\",\"logo\":{\"@type\":\"ImageObject\",\"inLanguage\":\"uk\",\"@id\":\"https:\/\/stowarzyszenie-razem.pl\/#\/schema\/logo\/image\/\",\"url\":\"https:\/\/stowarzyszenie-razem.pl\/wp-content\/uploads\/2023\/05\/logo-lew-samo1.png\",\"contentUrl\":\"https:\/\/stowarzyszenie-razem.pl\/wp-content\/uploads\/2023\/05\/logo-lew-samo1.png\",\"width\":420,\"height\":175,\"caption\":\"Stowarzyszenie Razem - Operator sieci Lewiatan\"},\"image\":{\"@id\":\"https:\/\/stowarzyszenie-razem.pl\/#\/schema\/logo\/image\/\"},\"sameAs\":[\"https:\/\/www.facebook.com\/lewiatanlubelskie\/\",\"https:\/\/www.instagram.com\/lewiatanlubelskie\/\"]},{\"@type\":\"Person\",\"@id\":\"https:\/\/stowarzyszenie-razem.pl\/#\/schema\/person\/4735cf0bb3a31e80d50bcbb9daeeb316\",\"name\":\"admin\",\"image\":{\"@type\":\"ImageObject\",\"inLanguage\":\"uk\",\"@id\":\"https:\/\/stowarzyszenie-razem.pl\/#\/schema\/person\/image\/\",\"url\":\"https:\/\/secure.gravatar.com\/avatar\/ad5db761b2e1f524e2122533dd21c8ab28c47b349c64e9f5e5e0e12a1611b7a7?s=96&d=mm&r=g\",\"contentUrl\":\"https:\/\/secure.gravatar.com\/avatar\/ad5db761b2e1f524e2122533dd21c8ab28c47b349c64e9f5e5e0e12a1611b7a7?s=96&d=mm&r=g\",\"caption\":\"admin\"},\"sameAs\":[\"https:\/\/stowarzyszenie-razem.pl\"],\"url\":\"https:\/\/stowarzyszenie-razem.pl\/uk\/author\/admin\/\"}]}<\/script>\n<!-- \/ Yoast SEO plugin. -->","yoast_head_json":{"title":"Nowa, lepsza jako\u015b\u0107 sklepu w Wilkowie. - Stowarzyszenie Razem - Operator sieci Lewiatan","robots":{"index":"index","follow":"follow","max-snippet":"max-snippet:-1","max-image-preview":"max-image-preview:large","max-video-preview":"max-video-preview:-1"},"canonical":"https:\/\/stowarzyszenie-razem.pl\/uk\/2020\/05\/12\/nowa-lepsza-jakosc-sklepu-w-wilkowie\/","og_locale":"uk_UA","og_type":"article","og_title":"Nowa, lepsza jako\u015b\u0107 sklepu w Wilkowie. - Stowarzyszenie Razem - Operator sieci Lewiatan","og_description":"W dniu 17.09.2020 r. w miejscowo\u015bci&nbsp;Wilk\u00f3w Kolonia Szczekark\u00f3w 47&nbsp;nast\u0105pi\u0142o otwarcie naszego sklepu po kompleksowej modernizacji. Zwi\u0119kszenie powierzchni sprzeda\u017cy sklepu do 199 m\u00b2, znacznie poprawi\u0142o komfort i swobod\u0119 w robieniu zakup\u00f3w oraz zapewni\u0142o dost\u0119pno\u015b\u0107 szerokiej gamy produkt\u00f3w i atrakcyjnych promocji. Du\u017cy i wygodny parking przy sklepie to dodatkowy atut. Wizualizacja wewn\u0119trzna i wyposa\u017cenie sklepu zosta\u0142o wykonane &hellip; Nowa, lepsza jako\u015b\u0107 sklepu w Wilkowie. \u0414\u043e\u043a\u043b\u0430\u0434\u043d\u0456\u0448\u0435 &raquo;","og_url":"https:\/\/stowarzyszenie-razem.pl\/uk\/2020\/05\/12\/nowa-lepsza-jakosc-sklepu-w-wilkowie\/","og_site_name":"Stowarzyszenie Razem - Operator sieci Lewiatan","article_publisher":"https:\/\/www.facebook.com\/lewiatanlubelskie\/","article_published_time":"2020-05-12T07:35:02+00:00","article_modified_time":"2024-02-26T13:50:53+00:00","og_image":[{"width":1024,"height":768,"url":"https:\/\/stowarzyszenie-razem.pl\/wp-content\/uploads\/2023\/05\/1-min.jpg","type":"image\/jpeg"}],"author":"admin","twitter_card":"summary_large_image","twitter_misc":{"\u041d\u0430\u043f\u0438\u0441\u0430\u043d\u043e":"admin","\u041f\u0440\u0438\u0431\u043b. \u0447\u0430\u0441 \u0447\u0438\u0442\u0430\u043d\u043d\u044f":"1 \u0445\u0432\u0438\u043b\u0438\u043d\u0430"},"schema":{"@context":"https:\/\/schema.org","@graph":[{"@type":"Article","@id":"https:\/\/stowarzyszenie-razem.pl\/2020\/05\/12\/nowa-lepsza-jakosc-sklepu-w-wilkowie\/#article","isPartOf":{"@id":"https:\/\/stowarzyszenie-razem.pl\/2020\/05\/12\/nowa-lepsza-jakosc-sklepu-w-wilkowie\/"},"author":{"name":"admin","@id":"https:\/\/stowarzyszenie-razem.pl\/#\/schema\/person\/4735cf0bb3a31e80d50bcbb9daeeb316"},"headline":"Nowa, lepsza jako\u015b\u0107 sklepu w Wilkowie.","datePublished":"2020-05-12T07:35:02+00:00","dateModified":"2024-02-26T13:50:53+00:00","mainEntityOfPage":{"@id":"https:\/\/stowarzyszenie-razem.pl\/2020\/05\/12\/nowa-lepsza-jakosc-sklepu-w-wilkowie\/"},"wordCount":170,"publisher":{"@id":"https:\/\/stowarzyszenie-razem.pl\/#organization"},"image":{"@id":"https:\/\/stowarzyszenie-razem.pl\/2020\/05\/12\/nowa-lepsza-jakosc-sklepu-w-wilkowie\/#primaryimage"},"thumbnailUrl":"https:\/\/stowarzyszenie-razem.pl\/wp-content\/uploads\/2023\/05\/1-min.jpg","articleSection":["Przebudowa"],"inLanguage":"uk"},{"@type":"WebPage","@id":"https:\/\/stowarzyszenie-razem.pl\/2020\/05\/12\/nowa-lepsza-jakosc-sklepu-w-wilkowie\/","url":"https:\/\/stowarzyszenie-razem.pl\/2020\/05\/12\/nowa-lepsza-jakosc-sklepu-w-wilkowie\/","name":"Nowa, lepsza jako\u015b\u0107 sklepu w Wilkowie. - Stowarzyszenie Razem - Operator sieci Lewiatan","isPartOf":{"@id":"https:\/\/stowarzyszenie-razem.pl\/#website"},"primaryImageOfPage":{"@id":"https:\/\/stowarzyszenie-razem.pl\/2020\/05\/12\/nowa-lepsza-jakosc-sklepu-w-wilkowie\/#primaryimage"},"image":{"@id":"https:\/\/stowarzyszenie-razem.pl\/2020\/05\/12\/nowa-lepsza-jakosc-sklepu-w-wilkowie\/#primaryimage"},"thumbnailUrl":"https:\/\/stowarzyszenie-razem.pl\/wp-content\/uploads\/2023\/05\/1-min.jpg","datePublished":"2020-05-12T07:35:02+00:00","dateModified":"2024-02-26T13:50:53+00:00","breadcrumb":{"@id":"https:\/\/stowarzyszenie-razem.pl\/2020\/05\/12\/nowa-lepsza-jakosc-sklepu-w-wilkowie\/#breadcrumb"},"inLanguage":"uk","potentialAction":[{"@type":"ReadAction","target":["https:\/\/stowarzyszenie-razem.pl\/2020\/05\/12\/nowa-lepsza-jakosc-sklepu-w-wilkowie\/"]}]},{"@type":"ImageObject","inLanguage":"uk","@id":"https:\/\/stowarzyszenie-razem.pl\/2020\/05\/12\/nowa-lepsza-jakosc-sklepu-w-wilkowie\/#primaryimage","url":"https:\/\/stowarzyszenie-razem.pl\/wp-content\/uploads\/2023\/05\/1-min.jpg","contentUrl":"https:\/\/stowarzyszenie-razem.pl\/wp-content\/uploads\/2023\/05\/1-min.jpg","width":1024,"height":768},{"@type":"BreadcrumbList","@id":"https:\/\/stowarzyszenie-razem.pl\/2020\/05\/12\/nowa-lepsza-jakosc-sklepu-w-wilkowie\/#breadcrumb","itemListElement":[{"@type":"ListItem","position":1,"name":"Strona g\u0142\u00f3wna","item":"https:\/\/stowarzyszenie-razem.pl\/"},{"@type":"ListItem","position":2,"name":"Nowa, lepsza jako\u015b\u0107 sklepu w Wilkowie."}]},{"@type":"WebSite","@id":"https:\/\/stowarzyszenie-razem.pl\/#website","url":"https:\/\/stowarzyszenie-razem.pl\/","name":"Stowarzyszenie Razem - Operator sieci Lewiatan","description":"Biuro sieci Lewiatan w Lublinie","publisher":{"@id":"https:\/\/stowarzyszenie-razem.pl\/#organization"},"potentialAction":[{"@type":"SearchAction","target":{"@type":"EntryPoint","urlTemplate":"https:\/\/stowarzyszenie-razem.pl\/?s={search_term_string}"},"query-input":"required name=search_term_string"}],"inLanguage":"uk"},{"@type":"Organization","@id":"https:\/\/stowarzyszenie-razem.pl\/#organization","name":"Stowarzyszenie Razem - Operator sieci Lewiatan","url":"https:\/\/stowarzyszenie-razem.pl\/","logo":{"@type":"ImageObject","inLanguage":"uk","@id":"https:\/\/stowarzyszenie-razem.pl\/#\/schema\/logo\/image\/","url":"https:\/\/stowarzyszenie-razem.pl\/wp-content\/uploads\/2023\/05\/logo-lew-samo1.png","contentUrl":"https:\/\/stowarzyszenie-razem.pl\/wp-content\/uploads\/2023\/05\/logo-lew-samo1.png","width":420,"height":175,"caption":"Stowarzyszenie Razem - Operator sieci Lewiatan"},"image":{"@id":"https:\/\/stowarzyszenie-razem.pl\/#\/schema\/logo\/image\/"},"sameAs":["https:\/\/www.facebook.com\/lewiatanlubelskie\/","https:\/\/www.instagram.com\/lewiatanlubelskie\/"]},{"@type":"Person","@id":"https:\/\/stowarzyszenie-razem.pl\/#\/schema\/person\/4735cf0bb3a31e80d50bcbb9daeeb316","name":"admin","image":{"@type":"ImageObject","inLanguage":"uk","@id":"https:\/\/stowarzyszenie-razem.pl\/#\/schema\/person\/image\/","url":"https:\/\/secure.gravatar.com\/avatar\/ad5db761b2e1f524e2122533dd21c8ab28c47b349c64e9f5e5e0e12a1611b7a7?s=96&d=mm&r=g","contentUrl":"https:\/\/secure.gravatar.com\/avatar\/ad5db761b2e1f524e2122533dd21c8ab28c47b349c64e9f5e5e0e12a1611b7a7?s=96&d=mm&r=g","caption":"admin"},"sameAs":["https:\/\/stowarzyszenie-razem.pl"],"url":"https:\/\/stowarzyszenie-razem.pl\/uk\/author\/admin\/"}]}},"_links":{"self":[{"href":"https:\/\/stowarzyszenie-razem.pl\/uk\/wp-json\/wp\/v2\/posts\/191","targetHints":{"allow":["GET"]}}],"collection":[{"href":"https:\/\/stowarzyszenie-razem.pl\/uk\/wp-json\/wp\/v2\/posts"}],"about":[{"href":"https:\/\/stowarzyszenie-razem.pl\/uk\/wp-json\/wp\/v2\/types\/post"}],"author":[{"embeddable":true,"href":"https:\/\/stowarzyszenie-razem.pl\/uk\/wp-json\/wp\/v2\/users\/1"}],"replies":[{"embeddable":true,"href":"https:\/\/stowarzyszenie-razem.pl\/uk\/wp-json\/wp\/v2\/comments?post=191"}],"version-history":[{"count":2,"href":"https:\/\/stowarzyszenie-razem.pl\/uk\/wp-json\/wp\/v2\/posts\/191\/revisions"}],"predecessor-version":[{"id":225,"href":"https:\/\/stowarzyszenie-razem.pl\/uk\/wp-json\/wp\/v2\/posts\/191\/revisions\/225"}],"wp:featuredmedia":[{"embeddable":true,"href":"https:\/\/stowarzyszenie-razem.pl\/uk\/wp-json\/wp\/v2\/media\/193"}],"wp:attachment":[{"href":"https:\/\/stowarzyszenie-razem.pl\/uk\/wp-json\/wp\/v2\/media?parent=191"}],"wp:term":[{"taxonomy":"category","embeddable":true,"href":"https:\/\/stowarzyszenie-razem.pl\/uk\/wp-json\/wp\/v2\/categories?post=191"},{"taxonomy":"post_tag","embeddable":true,"href":"https:\/\/stowarzyszenie-razem.pl\/uk\/wp-json\/wp\/v2\/tags?post=191"}],"curies":[{"name":"wp","href":"https:\/\/api.w.org\/{rel}","templated":true}]}}