{"id":865,"date":"2024-04-18T12:47:57","date_gmt":"2024-04-18T10:47:57","guid":{"rendered":"https:\/\/stowarzyszenie-razem.pl\/?p=865"},"modified":"2025-04-24T12:06:24","modified_gmt":"2025-04-24T10:06:24","slug":"otwarcie-sklepu-lewiatan-w-nowym-krepcu-przy-ulicy-spacerowej","status":"publish","type":"post","link":"https:\/\/stowarzyszenie-razem.pl\/uk\/2024\/04\/18\/otwarcie-sklepu-lewiatan-w-nowym-krepcu-przy-ulicy-spacerowej\/","title":{"rendered":"OTWARCIE SKLEPU LEWIATAN W\u00a0 NOWYM KR\u0118PCU PRZY ULICY SPACEROWEJ"},"content":{"rendered":"<p>Szanowni Klienci, wychodz\u0105c naprzeciw potrzebom rozwijaj\u0105cego si\u0119 rynku oraz oczekiwaniom lokalnej spo\u0142eczno\u015bci pragniemy poinformowa\u0107 o otwarciu kolejnego&nbsp; sklepu PSH Lewiatan<br>o powierzchni 170mkw &nbsp;w Gminie Me\u0142giew w miejscowo\u015bci Nowy Kr\u0119piec w woj. lubelskim. Sklep zlokalizowany jest w pobli\u017cu Kompleksu dworsko-parkowego, kt\u00f3ry obecnie stanowi wizyt\u00f3wk\u0119 Gminy Me\u0142giew.<\/p>\n\n\n\n<figure class=\"wp-block-image size-large is-resized\"><img loading=\"lazy\" decoding=\"async\" width=\"1024\" height=\"768\" src=\"https:\/\/stowarzyszenie-razem.pl\/wp-content\/uploads\/2024\/05\/IMG-20240513-WA0035-1024x768.jpg\" alt=\"\" class=\"wp-image-866\" style=\"width:523px;height:auto\" srcset=\"https:\/\/stowarzyszenie-razem.pl\/wp-content\/uploads\/2024\/05\/IMG-20240513-WA0035-1024x768.jpg 1024w, https:\/\/stowarzyszenie-razem.pl\/wp-content\/uploads\/2024\/05\/IMG-20240513-WA0035-300x225.jpg 300w, https:\/\/stowarzyszenie-razem.pl\/wp-content\/uploads\/2024\/05\/IMG-20240513-WA0035-768x576.jpg 768w, https:\/\/stowarzyszenie-razem.pl\/wp-content\/uploads\/2024\/05\/IMG-20240513-WA0035-1536x1152.jpg 1536w, https:\/\/stowarzyszenie-razem.pl\/wp-content\/uploads\/2024\/05\/IMG-20240513-WA0035-16x12.jpg 16w, https:\/\/stowarzyszenie-razem.pl\/wp-content\/uploads\/2024\/05\/IMG-20240513-WA0035.jpg 1600w\" sizes=\"auto, (max-width: 1024px) 100vw, 1024px\" \/><\/figure>\n\n\n\n<p>W dniu 18.04.2024 odby\u0142o si\u0119 otwarcie sklepu, kt\u00f3ry oferuje swoim klientom bogat\u0105 gam\u0119 produkt\u00f3w t. j. owoce , warzywa, \u015bwie\u017ce w\u0119dliny, mi\u0119so oraz produkty Marki W\u0142asnej Lewiatan. Sklep wyr\u00f3\u017cnia si\u0119 bogat\u0105 ofert\u0105 pieczywa i r\u00f3\u017cnego rodzaju ciast w\u0142asnej produkcji. W sezonie letnim w\u0142a\u015bciciele oferuj\u0105 lody w r\u00f3\u017cnych smakach, tak\u017ce w\u0142asnej produkcji. Przy sklepie znajduje si\u0119 parking dost\u0119pny dla klient\u00f3w w godzinach otwarcia sklepu.<\/p>\n\n\n\n<p>Serdecznie zapraszamy i \u017cyczymy udanych zakup\u00f3w.<\/p>","protected":false},"excerpt":{"rendered":"<p>Szanowni Klienci, wychodz\u0105c naprzeciw potrzebom rozwijaj\u0105cego si\u0119 rynku oraz oczekiwaniom lokalnej spo\u0142eczno\u015bci pragniemy poinformowa\u0107 o otwarciu kolejnego&nbsp; sklepu PSH Lewiatano powierzchni 170mkw &nbsp;w Gminie Me\u0142giew w miejscowo\u015bci Nowy Kr\u0119piec w woj. lubelskim. Sklep zlokalizowany jest w pobli\u017cu Kompleksu dworsko-parkowego, kt\u00f3ry obecnie stanowi wizyt\u00f3wk\u0119 Gminy Me\u0142giew. W dniu 18.04.2024 odby\u0142o si\u0119 otwarcie sklepu, kt\u00f3ry oferuje swoim &hellip;<\/p>\n<p class=\"read-more\"> <a class=\"\" href=\"https:\/\/stowarzyszenie-razem.pl\/uk\/2024\/04\/18\/otwarcie-sklepu-lewiatan-w-nowym-krepcu-przy-ulicy-spacerowej\/\"> <span class=\"screen-reader-text\">OTWARCIE SKLEPU LEWIATAN W\u00a0 NOWYM KR\u0118PCU PRZY ULICY SPACEROWEJ<\/span> \u0414\u043e\u043a\u043b\u0430\u0434\u043d\u0456\u0448\u0435 &raquo;<\/a><\/p>","protected":false},"author":1,"featured_media":866,"comment_status":"closed","ping_status":"closed","sticky":false,"template":"","format":"standard","meta":{"site-sidebar-layout":"default","site-content-layout":"default","ast-global-header-display":"","ast-banner-title-visibility":"","ast-main-header-display":"","ast-hfb-above-header-display":"","ast-hfb-below-header-display":"","ast-hfb-mobile-header-display":"","site-post-title":"","ast-breadcrumbs-content":"","ast-featured-img":"","footer-sml-layout":"","theme-transparent-header-meta":"","adv-header-id-meta":"","stick-header-meta":"","header-above-stick-meta":"","header-main-stick-meta":"","header-below-stick-meta":"","footnotes":""},"categories":[8],"tags":[],"class_list":["post-865","post","type-post","status-publish","format-standard","has-post-thumbnail","hentry","category-nowysklep"],"acf":[],"yoast_head":"<!-- This site is optimized with the Yoast SEO plugin v22.6 - https:\/\/yoast.com\/wordpress\/plugins\/seo\/ -->\n<title>OTWARCIE SKLEPU LEWIATAN W\u00a0 NOWYM KR\u0118PCU PRZY ULICY SPACEROWEJ - Stowarzyszenie Razem - Operator sieci Lewiatan<\/title>\n<meta name=\"robots\" content=\"index, follow, max-snippet:-1, max-image-preview:large, max-video-preview:-1\" \/>\n<link rel=\"canonical\" href=\"https:\/\/stowarzyszenie-razem.pl\/uk\/2024\/04\/18\/otwarcie-sklepu-lewiatan-w-nowym-krepcu-przy-ulicy-spacerowej\/\" \/>\n<meta property=\"og:locale\" content=\"uk_UA\" \/>\n<meta property=\"og:type\" content=\"article\" \/>\n<meta property=\"og:title\" content=\"OTWARCIE SKLEPU LEWIATAN W\u00a0 NOWYM KR\u0118PCU PRZY ULICY SPACEROWEJ - Stowarzyszenie Razem - Operator sieci Lewiatan\" \/>\n<meta property=\"og:description\" content=\"Szanowni Klienci, wychodz\u0105c naprzeciw potrzebom rozwijaj\u0105cego si\u0119 rynku oraz oczekiwaniom lokalnej spo\u0142eczno\u015bci pragniemy poinformowa\u0107 o otwarciu kolejnego&nbsp; sklepu PSH Lewiatano powierzchni 170mkw &nbsp;w Gminie Me\u0142giew w miejscowo\u015bci Nowy Kr\u0119piec w woj. lubelskim. Sklep zlokalizowany jest w pobli\u017cu Kompleksu dworsko-parkowego, kt\u00f3ry obecnie stanowi wizyt\u00f3wk\u0119 Gminy Me\u0142giew. W dniu 18.04.2024 odby\u0142o si\u0119 otwarcie sklepu, kt\u00f3ry oferuje swoim &hellip; OTWARCIE SKLEPU LEWIATAN W\u00a0 NOWYM KR\u0118PCU PRZY ULICY SPACEROWEJ \u0414\u043e\u043a\u043b\u0430\u0434\u043d\u0456\u0448\u0435 &raquo;\" \/>\n<meta property=\"og:url\" content=\"https:\/\/stowarzyszenie-razem.pl\/uk\/2024\/04\/18\/otwarcie-sklepu-lewiatan-w-nowym-krepcu-przy-ulicy-spacerowej\/\" \/>\n<meta property=\"og:site_name\" content=\"Stowarzyszenie Razem - Operator sieci Lewiatan\" \/>\n<meta property=\"article:publisher\" content=\"https:\/\/www.facebook.com\/lewiatanlubelskie\/\" \/>\n<meta property=\"article:published_time\" content=\"2024-04-18T10:47:57+00:00\" \/>\n<meta property=\"article:modified_time\" content=\"2025-04-24T10:06:24+00:00\" \/>\n<meta property=\"og:image\" content=\"https:\/\/stowarzyszenie-razem.pl\/wp-content\/uploads\/2024\/05\/IMG-20240513-WA0035.jpg\" \/>\n\t<meta property=\"og:image:width\" content=\"1600\" \/>\n\t<meta property=\"og:image:height\" content=\"1200\" \/>\n\t<meta property=\"og:image:type\" content=\"image\/jpeg\" \/>\n<meta name=\"author\" content=\"admin\" \/>\n<meta name=\"twitter:card\" content=\"summary_large_image\" \/>\n<meta name=\"twitter:label1\" content=\"\u041d\u0430\u043f\u0438\u0441\u0430\u043d\u043e\" \/>\n\t<meta name=\"twitter:data1\" content=\"admin\" \/>\n\t<meta name=\"twitter:label2\" content=\"\u041f\u0440\u0438\u0431\u043b. \u0447\u0430\u0441 \u0447\u0438\u0442\u0430\u043d\u043d\u044f\" \/>\n\t<meta name=\"twitter:data2\" content=\"2 \u0445\u0432\u0438\u043b\u0438\u043d\u0438\" \/>\n<script type=\"application\/ld+json\" class=\"yoast-schema-graph\">{\"@context\":\"https:\/\/schema.org\",\"@graph\":[{\"@type\":\"Article\",\"@id\":\"https:\/\/stowarzyszenie-razem.pl\/2024\/04\/18\/otwarcie-sklepu-lewiatan-w-nowym-krepcu-przy-ulicy-spacerowej\/#article\",\"isPartOf\":{\"@id\":\"https:\/\/stowarzyszenie-razem.pl\/2024\/04\/18\/otwarcie-sklepu-lewiatan-w-nowym-krepcu-przy-ulicy-spacerowej\/\"},\"author\":{\"name\":\"admin\",\"@id\":\"https:\/\/stowarzyszenie-razem.pl\/#\/schema\/person\/4735cf0bb3a31e80d50bcbb9daeeb316\"},\"headline\":\"OTWARCIE SKLEPU LEWIATAN W\u00a0 NOWYM KR\u0118PCU PRZY ULICY SPACEROWEJ\",\"datePublished\":\"2024-04-18T10:47:57+00:00\",\"dateModified\":\"2025-04-24T10:06:24+00:00\",\"mainEntityOfPage\":{\"@id\":\"https:\/\/stowarzyszenie-razem.pl\/2024\/04\/18\/otwarcie-sklepu-lewiatan-w-nowym-krepcu-przy-ulicy-spacerowej\/\"},\"wordCount\":153,\"publisher\":{\"@id\":\"https:\/\/stowarzyszenie-razem.pl\/#organization\"},\"image\":{\"@id\":\"https:\/\/stowarzyszenie-razem.pl\/2024\/04\/18\/otwarcie-sklepu-lewiatan-w-nowym-krepcu-przy-ulicy-spacerowej\/#primaryimage\"},\"thumbnailUrl\":\"https:\/\/stowarzyszenie-razem.pl\/wp-content\/uploads\/2024\/05\/IMG-20240513-WA0035.jpg\",\"articleSection\":[\"Nowy Sklep\"],\"inLanguage\":\"uk\"},{\"@type\":\"WebPage\",\"@id\":\"https:\/\/stowarzyszenie-razem.pl\/2024\/04\/18\/otwarcie-sklepu-lewiatan-w-nowym-krepcu-przy-ulicy-spacerowej\/\",\"url\":\"https:\/\/stowarzyszenie-razem.pl\/2024\/04\/18\/otwarcie-sklepu-lewiatan-w-nowym-krepcu-przy-ulicy-spacerowej\/\",\"name\":\"OTWARCIE SKLEPU LEWIATAN W\u00a0 NOWYM KR\u0118PCU PRZY ULICY SPACEROWEJ - Stowarzyszenie Razem - Operator sieci Lewiatan\",\"isPartOf\":{\"@id\":\"https:\/\/stowarzyszenie-razem.pl\/#website\"},\"primaryImageOfPage\":{\"@id\":\"https:\/\/stowarzyszenie-razem.pl\/2024\/04\/18\/otwarcie-sklepu-lewiatan-w-nowym-krepcu-przy-ulicy-spacerowej\/#primaryimage\"},\"image\":{\"@id\":\"https:\/\/stowarzyszenie-razem.pl\/2024\/04\/18\/otwarcie-sklepu-lewiatan-w-nowym-krepcu-przy-ulicy-spacerowej\/#primaryimage\"},\"thumbnailUrl\":\"https:\/\/stowarzyszenie-razem.pl\/wp-content\/uploads\/2024\/05\/IMG-20240513-WA0035.jpg\",\"datePublished\":\"2024-04-18T10:47:57+00:00\",\"dateModified\":\"2025-04-24T10:06:24+00:00\",\"breadcrumb\":{\"@id\":\"https:\/\/stowarzyszenie-razem.pl\/2024\/04\/18\/otwarcie-sklepu-lewiatan-w-nowym-krepcu-przy-ulicy-spacerowej\/#breadcrumb\"},\"inLanguage\":\"uk\",\"potentialAction\":[{\"@type\":\"ReadAction\",\"target\":[\"https:\/\/stowarzyszenie-razem.pl\/2024\/04\/18\/otwarcie-sklepu-lewiatan-w-nowym-krepcu-przy-ulicy-spacerowej\/\"]}]},{\"@type\":\"ImageObject\",\"inLanguage\":\"uk\",\"@id\":\"https:\/\/stowarzyszenie-razem.pl\/2024\/04\/18\/otwarcie-sklepu-lewiatan-w-nowym-krepcu-przy-ulicy-spacerowej\/#primaryimage\",\"url\":\"https:\/\/stowarzyszenie-razem.pl\/wp-content\/uploads\/2024\/05\/IMG-20240513-WA0035.jpg\",\"contentUrl\":\"https:\/\/stowarzyszenie-razem.pl\/wp-content\/uploads\/2024\/05\/IMG-20240513-WA0035.jpg\",\"width\":1600,\"height\":1200},{\"@type\":\"BreadcrumbList\",\"@id\":\"https:\/\/stowarzyszenie-razem.pl\/2024\/04\/18\/otwarcie-sklepu-lewiatan-w-nowym-krepcu-przy-ulicy-spacerowej\/#breadcrumb\",\"itemListElement\":[{\"@type\":\"ListItem\",\"position\":1,\"name\":\"Strona g\u0142\u00f3wna\",\"item\":\"https:\/\/stowarzyszenie-razem.pl\/\"},{\"@type\":\"ListItem\",\"position\":2,\"name\":\"OTWARCIE SKLEPU LEWIATAN W\u00a0 NOWYM KR\u0118PCU PRZY ULICY SPACEROWEJ\"}]},{\"@type\":\"WebSite\",\"@id\":\"https:\/\/stowarzyszenie-razem.pl\/#website\",\"url\":\"https:\/\/stowarzyszenie-razem.pl\/\",\"name\":\"Stowarzyszenie Razem - Operator sieci Lewiatan\",\"description\":\"Biuro sieci Lewiatan w Lublinie\",\"publisher\":{\"@id\":\"https:\/\/stowarzyszenie-razem.pl\/#organization\"},\"potentialAction\":[{\"@type\":\"SearchAction\",\"target\":{\"@type\":\"EntryPoint\",\"urlTemplate\":\"https:\/\/stowarzyszenie-razem.pl\/?s={search_term_string}\"},\"query-input\":\"required name=search_term_string\"}],\"inLanguage\":\"uk\"},{\"@type\":\"Organization\",\"@id\":\"https:\/\/stowarzyszenie-razem.pl\/#organization\",\"name\":\"Stowarzyszenie Razem - Operator sieci Lewiatan\",\"url\":\"https:\/\/stowarzyszenie-razem.pl\/\",\"logo\":{\"@type\":\"ImageObject\",\"inLanguage\":\"uk\",\"@id\":\"https:\/\/stowarzyszenie-razem.pl\/#\/schema\/logo\/image\/\",\"url\":\"https:\/\/stowarzyszenie-razem.pl\/wp-content\/uploads\/2023\/05\/logo-lew-samo1.png\",\"contentUrl\":\"https:\/\/stowarzyszenie-razem.pl\/wp-content\/uploads\/2023\/05\/logo-lew-samo1.png\",\"width\":420,\"height\":175,\"caption\":\"Stowarzyszenie Razem - Operator sieci Lewiatan\"},\"image\":{\"@id\":\"https:\/\/stowarzyszenie-razem.pl\/#\/schema\/logo\/image\/\"},\"sameAs\":[\"https:\/\/www.facebook.com\/lewiatanlubelskie\/\",\"https:\/\/www.instagram.com\/lewiatanlubelskie\/\"]},{\"@type\":\"Person\",\"@id\":\"https:\/\/stowarzyszenie-razem.pl\/#\/schema\/person\/4735cf0bb3a31e80d50bcbb9daeeb316\",\"name\":\"admin\",\"image\":{\"@type\":\"ImageObject\",\"inLanguage\":\"uk\",\"@id\":\"https:\/\/stowarzyszenie-razem.pl\/#\/schema\/person\/image\/\",\"url\":\"https:\/\/secure.gravatar.com\/avatar\/ad5db761b2e1f524e2122533dd21c8ab28c47b349c64e9f5e5e0e12a1611b7a7?s=96&d=mm&r=g\",\"contentUrl\":\"https:\/\/secure.gravatar.com\/avatar\/ad5db761b2e1f524e2122533dd21c8ab28c47b349c64e9f5e5e0e12a1611b7a7?s=96&d=mm&r=g\",\"caption\":\"admin\"},\"sameAs\":[\"https:\/\/stowarzyszenie-razem.pl\"],\"url\":\"https:\/\/stowarzyszenie-razem.pl\/uk\/author\/admin\/\"}]}<\/script>\n<!-- \/ Yoast SEO plugin. -->","yoast_head_json":{"title":"OTWARCIE SKLEPU LEWIATAN W\u00a0 NOWYM KR\u0118PCU PRZY ULICY SPACEROWEJ - Stowarzyszenie Razem - Operator sieci Lewiatan","robots":{"index":"index","follow":"follow","max-snippet":"max-snippet:-1","max-image-preview":"max-image-preview:large","max-video-preview":"max-video-preview:-1"},"canonical":"https:\/\/stowarzyszenie-razem.pl\/uk\/2024\/04\/18\/otwarcie-sklepu-lewiatan-w-nowym-krepcu-przy-ulicy-spacerowej\/","og_locale":"uk_UA","og_type":"article","og_title":"OTWARCIE SKLEPU LEWIATAN W\u00a0 NOWYM KR\u0118PCU PRZY ULICY SPACEROWEJ - Stowarzyszenie Razem - Operator sieci Lewiatan","og_description":"Szanowni Klienci, wychodz\u0105c naprzeciw potrzebom rozwijaj\u0105cego si\u0119 rynku oraz oczekiwaniom lokalnej spo\u0142eczno\u015bci pragniemy poinformowa\u0107 o otwarciu kolejnego&nbsp; sklepu PSH Lewiatano powierzchni 170mkw &nbsp;w Gminie Me\u0142giew w miejscowo\u015bci Nowy Kr\u0119piec w woj. lubelskim. Sklep zlokalizowany jest w pobli\u017cu Kompleksu dworsko-parkowego, kt\u00f3ry obecnie stanowi wizyt\u00f3wk\u0119 Gminy Me\u0142giew. W dniu 18.04.2024 odby\u0142o si\u0119 otwarcie sklepu, kt\u00f3ry oferuje swoim &hellip; OTWARCIE SKLEPU LEWIATAN W\u00a0 NOWYM KR\u0118PCU PRZY ULICY SPACEROWEJ \u0414\u043e\u043a\u043b\u0430\u0434\u043d\u0456\u0448\u0435 &raquo;","og_url":"https:\/\/stowarzyszenie-razem.pl\/uk\/2024\/04\/18\/otwarcie-sklepu-lewiatan-w-nowym-krepcu-przy-ulicy-spacerowej\/","og_site_name":"Stowarzyszenie Razem - Operator sieci Lewiatan","article_publisher":"https:\/\/www.facebook.com\/lewiatanlubelskie\/","article_published_time":"2024-04-18T10:47:57+00:00","article_modified_time":"2025-04-24T10:06:24+00:00","og_image":[{"width":1600,"height":1200,"url":"https:\/\/stowarzyszenie-razem.pl\/wp-content\/uploads\/2024\/05\/IMG-20240513-WA0035.jpg","type":"image\/jpeg"}],"author":"admin","twitter_card":"summary_large_image","twitter_misc":{"\u041d\u0430\u043f\u0438\u0441\u0430\u043d\u043e":"admin","\u041f\u0440\u0438\u0431\u043b. \u0447\u0430\u0441 \u0447\u0438\u0442\u0430\u043d\u043d\u044f":"2 \u0445\u0432\u0438\u043b\u0438\u043d\u0438"},"schema":{"@context":"https:\/\/schema.org","@graph":[{"@type":"Article","@id":"https:\/\/stowarzyszenie-razem.pl\/2024\/04\/18\/otwarcie-sklepu-lewiatan-w-nowym-krepcu-przy-ulicy-spacerowej\/#article","isPartOf":{"@id":"https:\/\/stowarzyszenie-razem.pl\/2024\/04\/18\/otwarcie-sklepu-lewiatan-w-nowym-krepcu-przy-ulicy-spacerowej\/"},"author":{"name":"admin","@id":"https:\/\/stowarzyszenie-razem.pl\/#\/schema\/person\/4735cf0bb3a31e80d50bcbb9daeeb316"},"headline":"OTWARCIE SKLEPU LEWIATAN W\u00a0 NOWYM KR\u0118PCU PRZY ULICY SPACEROWEJ","datePublished":"2024-04-18T10:47:57+00:00","dateModified":"2025-04-24T10:06:24+00:00","mainEntityOfPage":{"@id":"https:\/\/stowarzyszenie-razem.pl\/2024\/04\/18\/otwarcie-sklepu-lewiatan-w-nowym-krepcu-przy-ulicy-spacerowej\/"},"wordCount":153,"publisher":{"@id":"https:\/\/stowarzyszenie-razem.pl\/#organization"},"image":{"@id":"https:\/\/stowarzyszenie-razem.pl\/2024\/04\/18\/otwarcie-sklepu-lewiatan-w-nowym-krepcu-przy-ulicy-spacerowej\/#primaryimage"},"thumbnailUrl":"https:\/\/stowarzyszenie-razem.pl\/wp-content\/uploads\/2024\/05\/IMG-20240513-WA0035.jpg","articleSection":["Nowy Sklep"],"inLanguage":"uk"},{"@type":"WebPage","@id":"https:\/\/stowarzyszenie-razem.pl\/2024\/04\/18\/otwarcie-sklepu-lewiatan-w-nowym-krepcu-przy-ulicy-spacerowej\/","url":"https:\/\/stowarzyszenie-razem.pl\/2024\/04\/18\/otwarcie-sklepu-lewiatan-w-nowym-krepcu-przy-ulicy-spacerowej\/","name":"OTWARCIE SKLEPU LEWIATAN W\u00a0 NOWYM KR\u0118PCU PRZY ULICY SPACEROWEJ - Stowarzyszenie Razem - Operator sieci Lewiatan","isPartOf":{"@id":"https:\/\/stowarzyszenie-razem.pl\/#website"},"primaryImageOfPage":{"@id":"https:\/\/stowarzyszenie-razem.pl\/2024\/04\/18\/otwarcie-sklepu-lewiatan-w-nowym-krepcu-przy-ulicy-spacerowej\/#primaryimage"},"image":{"@id":"https:\/\/stowarzyszenie-razem.pl\/2024\/04\/18\/otwarcie-sklepu-lewiatan-w-nowym-krepcu-przy-ulicy-spacerowej\/#primaryimage"},"thumbnailUrl":"https:\/\/stowarzyszenie-razem.pl\/wp-content\/uploads\/2024\/05\/IMG-20240513-WA0035.jpg","datePublished":"2024-04-18T10:47:57+00:00","dateModified":"2025-04-24T10:06:24+00:00","breadcrumb":{"@id":"https:\/\/stowarzyszenie-razem.pl\/2024\/04\/18\/otwarcie-sklepu-lewiatan-w-nowym-krepcu-przy-ulicy-spacerowej\/#breadcrumb"},"inLanguage":"uk","potentialAction":[{"@type":"ReadAction","target":["https:\/\/stowarzyszenie-razem.pl\/2024\/04\/18\/otwarcie-sklepu-lewiatan-w-nowym-krepcu-przy-ulicy-spacerowej\/"]}]},{"@type":"ImageObject","inLanguage":"uk","@id":"https:\/\/stowarzyszenie-razem.pl\/2024\/04\/18\/otwarcie-sklepu-lewiatan-w-nowym-krepcu-przy-ulicy-spacerowej\/#primaryimage","url":"https:\/\/stowarzyszenie-razem.pl\/wp-content\/uploads\/2024\/05\/IMG-20240513-WA0035.jpg","contentUrl":"https:\/\/stowarzyszenie-razem.pl\/wp-content\/uploads\/2024\/05\/IMG-20240513-WA0035.jpg","width":1600,"height":1200},{"@type":"BreadcrumbList","@id":"https:\/\/stowarzyszenie-razem.pl\/2024\/04\/18\/otwarcie-sklepu-lewiatan-w-nowym-krepcu-przy-ulicy-spacerowej\/#breadcrumb","itemListElement":[{"@type":"ListItem","position":1,"name":"Strona g\u0142\u00f3wna","item":"https:\/\/stowarzyszenie-razem.pl\/"},{"@type":"ListItem","position":2,"name":"OTWARCIE SKLEPU LEWIATAN W\u00a0 NOWYM KR\u0118PCU PRZY ULICY SPACEROWEJ"}]},{"@type":"WebSite","@id":"https:\/\/stowarzyszenie-razem.pl\/#website","url":"https:\/\/stowarzyszenie-razem.pl\/","name":"Stowarzyszenie Razem - Operator sieci Lewiatan","description":"Biuro sieci Lewiatan w Lublinie","publisher":{"@id":"https:\/\/stowarzyszenie-razem.pl\/#organization"},"potentialAction":[{"@type":"SearchAction","target":{"@type":"EntryPoint","urlTemplate":"https:\/\/stowarzyszenie-razem.pl\/?s={search_term_string}"},"query-input":"required name=search_term_string"}],"inLanguage":"uk"},{"@type":"Organization","@id":"https:\/\/stowarzyszenie-razem.pl\/#organization","name":"Stowarzyszenie Razem - Operator sieci Lewiatan","url":"https:\/\/stowarzyszenie-razem.pl\/","logo":{"@type":"ImageObject","inLanguage":"uk","@id":"https:\/\/stowarzyszenie-razem.pl\/#\/schema\/logo\/image\/","url":"https:\/\/stowarzyszenie-razem.pl\/wp-content\/uploads\/2023\/05\/logo-lew-samo1.png","contentUrl":"https:\/\/stowarzyszenie-razem.pl\/wp-content\/uploads\/2023\/05\/logo-lew-samo1.png","width":420,"height":175,"caption":"Stowarzyszenie Razem - Operator sieci Lewiatan"},"image":{"@id":"https:\/\/stowarzyszenie-razem.pl\/#\/schema\/logo\/image\/"},"sameAs":["https:\/\/www.facebook.com\/lewiatanlubelskie\/","https:\/\/www.instagram.com\/lewiatanlubelskie\/"]},{"@type":"Person","@id":"https:\/\/stowarzyszenie-razem.pl\/#\/schema\/person\/4735cf0bb3a31e80d50bcbb9daeeb316","name":"admin","image":{"@type":"ImageObject","inLanguage":"uk","@id":"https:\/\/stowarzyszenie-razem.pl\/#\/schema\/person\/image\/","url":"https:\/\/secure.gravatar.com\/avatar\/ad5db761b2e1f524e2122533dd21c8ab28c47b349c64e9f5e5e0e12a1611b7a7?s=96&d=mm&r=g","contentUrl":"https:\/\/secure.gravatar.com\/avatar\/ad5db761b2e1f524e2122533dd21c8ab28c47b349c64e9f5e5e0e12a1611b7a7?s=96&d=mm&r=g","caption":"admin"},"sameAs":["https:\/\/stowarzyszenie-razem.pl"],"url":"https:\/\/stowarzyszenie-razem.pl\/uk\/author\/admin\/"}]}},"_links":{"self":[{"href":"https:\/\/stowarzyszenie-razem.pl\/uk\/wp-json\/wp\/v2\/posts\/865","targetHints":{"allow":["GET"]}}],"collection":[{"href":"https:\/\/stowarzyszenie-razem.pl\/uk\/wp-json\/wp\/v2\/posts"}],"about":[{"href":"https:\/\/stowarzyszenie-razem.pl\/uk\/wp-json\/wp\/v2\/types\/post"}],"author":[{"embeddable":true,"href":"https:\/\/stowarzyszenie-razem.pl\/uk\/wp-json\/wp\/v2\/users\/1"}],"replies":[{"embeddable":true,"href":"https:\/\/stowarzyszenie-razem.pl\/uk\/wp-json\/wp\/v2\/comments?post=865"}],"version-history":[{"count":3,"href":"https:\/\/stowarzyszenie-razem.pl\/uk\/wp-json\/wp\/v2\/posts\/865\/revisions"}],"predecessor-version":[{"id":888,"href":"https:\/\/stowarzyszenie-razem.pl\/uk\/wp-json\/wp\/v2\/posts\/865\/revisions\/888"}],"wp:featuredmedia":[{"embeddable":true,"href":"https:\/\/stowarzyszenie-razem.pl\/uk\/wp-json\/wp\/v2\/media\/866"}],"wp:attachment":[{"href":"https:\/\/stowarzyszenie-razem.pl\/uk\/wp-json\/wp\/v2\/media?parent=865"}],"wp:term":[{"taxonomy":"category","embeddable":true,"href":"https:\/\/stowarzyszenie-razem.pl\/uk\/wp-json\/wp\/v2\/categories?post=865"},{"taxonomy":"post_tag","embeddable":true,"href":"https:\/\/stowarzyszenie-razem.pl\/uk\/wp-json\/wp\/v2\/tags?post=865"}],"curies":[{"name":"wp","href":"https:\/\/api.w.org\/{rel}","templated":true}]}}