{"id":946,"date":"2024-12-10T14:56:02","date_gmt":"2024-12-10T13:56:02","guid":{"rendered":"https:\/\/stowarzyszenie-razem.pl\/?p=946"},"modified":"2025-04-24T12:05:50","modified_gmt":"2025-04-24T10:05:50","slug":"otwarcie-sklepu-lewiatan-w-niemcach-05-12-2024r","status":"publish","type":"post","link":"https:\/\/stowarzyszenie-razem.pl\/uk\/2024\/12\/10\/otwarcie-sklepu-lewiatan-w-niemcach-05-12-2024r\/","title":{"rendered":"Otwarcie sklepu Lewiatan w Niemcach 05.12.2024r"},"content":{"rendered":"<p>W dniu 05.12.2024 odby\u0142o si\u0119 otwarcie nowego supermarketu Lewiatan w Niemcach przy ul. Lubelskiej 184. Sklep o powierzchni 600m sali sprzeda\u017cowej posiada bogaty asortyment artyku\u0142\u00f3w spo\u017cywczych oraz przemys\u0142owych.<\/p>\n\n\n\n<figure class=\"wp-block-image size-large is-resized\"><img loading=\"lazy\" decoding=\"async\" width=\"1024\" height=\"576\" src=\"https:\/\/stowarzyszenie-razem.pl\/wp-content\/uploads\/2024\/12\/Zdjecie-WhatsApp-2024-12-06-o-11.41.11_9e467bad-1-1024x576.jpg\" alt=\"\" class=\"wp-image-951\" style=\"width:727px;height:auto\" srcset=\"https:\/\/stowarzyszenie-razem.pl\/wp-content\/uploads\/2024\/12\/Zdjecie-WhatsApp-2024-12-06-o-11.41.11_9e467bad-1-1024x576.jpg 1024w, https:\/\/stowarzyszenie-razem.pl\/wp-content\/uploads\/2024\/12\/Zdjecie-WhatsApp-2024-12-06-o-11.41.11_9e467bad-1-300x169.jpg 300w, https:\/\/stowarzyszenie-razem.pl\/wp-content\/uploads\/2024\/12\/Zdjecie-WhatsApp-2024-12-06-o-11.41.11_9e467bad-1-768x432.jpg 768w, https:\/\/stowarzyszenie-razem.pl\/wp-content\/uploads\/2024\/12\/Zdjecie-WhatsApp-2024-12-06-o-11.41.11_9e467bad-1-1536x864.jpg 1536w, https:\/\/stowarzyszenie-razem.pl\/wp-content\/uploads\/2024\/12\/Zdjecie-WhatsApp-2024-12-06-o-11.41.11_9e467bad-1-18x10.jpg 18w, https:\/\/stowarzyszenie-razem.pl\/wp-content\/uploads\/2024\/12\/Zdjecie-WhatsApp-2024-12-06-o-11.41.11_9e467bad-1.jpg 1600w\" sizes=\"auto, (max-width: 1024px) 100vw, 1024px\" \/><\/figure>\n\n\n\n<p>Wizualizacja zewn\u0119trzna i wewn\u0119trzna, wyposa\u017cenie,\u00a0 aran\u017cacja\u00a0 zosta\u0142y\u00a0 wykonane zgodnie z\u00a0 najnowszymi standardami sieci Lewiatan. Podczas otwarcia sklepu klienci mogli skorzysta\u0107 z przygotowanych specjalnie na t\u0119 okazj\u0119 promocji cenowych, degustowa\u0107 produkty regionalne, zorganizowane przez sie\u0107 we wsp\u00f3\u0142pracy z producentami. Nie zabrak\u0142o r\u00f3wnie\u017c muzyki granej przez DJ-a oraz tradycyjnej groch\u00f3wki.<\/p>\n\n\n\n<figure class=\"wp-block-image size-large is-resized\"><img loading=\"lazy\" decoding=\"async\" width=\"1024\" height=\"576\" src=\"https:\/\/stowarzyszenie-razem.pl\/wp-content\/uploads\/2024\/12\/Zdjecie-WhatsApp-2024-12-06-o-11.41.11_3cf0914d-1-1024x576.jpg\" alt=\"\" class=\"wp-image-952\" style=\"width:729px;height:auto\" srcset=\"https:\/\/stowarzyszenie-razem.pl\/wp-content\/uploads\/2024\/12\/Zdjecie-WhatsApp-2024-12-06-o-11.41.11_3cf0914d-1-1024x576.jpg 1024w, https:\/\/stowarzyszenie-razem.pl\/wp-content\/uploads\/2024\/12\/Zdjecie-WhatsApp-2024-12-06-o-11.41.11_3cf0914d-1-300x169.jpg 300w, https:\/\/stowarzyszenie-razem.pl\/wp-content\/uploads\/2024\/12\/Zdjecie-WhatsApp-2024-12-06-o-11.41.11_3cf0914d-1-768x432.jpg 768w, https:\/\/stowarzyszenie-razem.pl\/wp-content\/uploads\/2024\/12\/Zdjecie-WhatsApp-2024-12-06-o-11.41.11_3cf0914d-1-1536x864.jpg 1536w, https:\/\/stowarzyszenie-razem.pl\/wp-content\/uploads\/2024\/12\/Zdjecie-WhatsApp-2024-12-06-o-11.41.11_3cf0914d-1-18x10.jpg 18w, https:\/\/stowarzyszenie-razem.pl\/wp-content\/uploads\/2024\/12\/Zdjecie-WhatsApp-2024-12-06-o-11.41.11_3cf0914d-1.jpg 1600w\" sizes=\"auto, (max-width: 1024px) 100vw, 1024px\" \/><\/figure>\n\n\n\n<p>Serdecznie zapraszamy i \u017cyczymy udanych zakup\u00f3w!<\/p>","protected":false},"excerpt":{"rendered":"<p>W dniu 05.12.2024 odby\u0142o si\u0119 otwarcie nowego supermarketu Lewiatan w Niemcach przy ul. Lubelskiej 184. Sklep o powierzchni 600m sali sprzeda\u017cowej posiada bogaty asortyment artyku\u0142\u00f3w spo\u017cywczych oraz przemys\u0142owych. Wizualizacja zewn\u0119trzna i wewn\u0119trzna, wyposa\u017cenie,\u00a0 aran\u017cacja\u00a0 zosta\u0142y\u00a0 wykonane zgodnie z\u00a0 najnowszymi standardami sieci Lewiatan. Podczas otwarcia sklepu klienci mogli skorzysta\u0107 z przygotowanych specjalnie na t\u0119 okazj\u0119 promocji &hellip;<\/p>\n<p class=\"read-more\"> <a class=\"\" href=\"https:\/\/stowarzyszenie-razem.pl\/uk\/2024\/12\/10\/otwarcie-sklepu-lewiatan-w-niemcach-05-12-2024r\/\"> <span class=\"screen-reader-text\">Otwarcie sklepu Lewiatan w Niemcach 05.12.2024r<\/span> \u0414\u043e\u043a\u043b\u0430\u0434\u043d\u0456\u0448\u0435 &raquo;<\/a><\/p>","protected":false},"author":1,"featured_media":950,"comment_status":"closed","ping_status":"closed","sticky":false,"template":"","format":"standard","meta":{"site-sidebar-layout":"default","site-content-layout":"default","ast-global-header-display":"","ast-banner-title-visibility":"","ast-main-header-display":"","ast-hfb-above-header-display":"","ast-hfb-below-header-display":"","ast-hfb-mobile-header-display":"","site-post-title":"","ast-breadcrumbs-content":"","ast-featured-img":"","footer-sml-layout":"","theme-transparent-header-meta":"","adv-header-id-meta":"","stick-header-meta":"","header-above-stick-meta":"","header-main-stick-meta":"","header-below-stick-meta":"","footnotes":""},"categories":[8],"tags":[],"class_list":["post-946","post","type-post","status-publish","format-standard","has-post-thumbnail","hentry","category-nowysklep"],"acf":[],"yoast_head":"<!-- This site is optimized with the Yoast SEO plugin v22.6 - https:\/\/yoast.com\/wordpress\/plugins\/seo\/ -->\n<title>Otwarcie sklepu Lewiatan w Niemcach 05.12.2024r - Stowarzyszenie Razem - Operator sieci Lewiatan<\/title>\n<meta name=\"robots\" content=\"index, follow, max-snippet:-1, max-image-preview:large, max-video-preview:-1\" \/>\n<link rel=\"canonical\" href=\"https:\/\/stowarzyszenie-razem.pl\/uk\/2024\/12\/10\/otwarcie-sklepu-lewiatan-w-niemcach-05-12-2024r\/\" \/>\n<meta property=\"og:locale\" content=\"uk_UA\" \/>\n<meta property=\"og:type\" content=\"article\" \/>\n<meta property=\"og:title\" content=\"Otwarcie sklepu Lewiatan w Niemcach 05.12.2024r - Stowarzyszenie Razem - Operator sieci Lewiatan\" \/>\n<meta property=\"og:description\" content=\"W dniu 05.12.2024 odby\u0142o si\u0119 otwarcie nowego supermarketu Lewiatan w Niemcach przy ul. Lubelskiej 184. Sklep o powierzchni 600m sali sprzeda\u017cowej posiada bogaty asortyment artyku\u0142\u00f3w spo\u017cywczych oraz przemys\u0142owych. Wizualizacja zewn\u0119trzna i wewn\u0119trzna, wyposa\u017cenie,\u00a0 aran\u017cacja\u00a0 zosta\u0142y\u00a0 wykonane zgodnie z\u00a0 najnowszymi standardami sieci Lewiatan. Podczas otwarcia sklepu klienci mogli skorzysta\u0107 z przygotowanych specjalnie na t\u0119 okazj\u0119 promocji &hellip; Otwarcie sklepu Lewiatan w Niemcach 05.12.2024r \u0414\u043e\u043a\u043b\u0430\u0434\u043d\u0456\u0448\u0435 &raquo;\" \/>\n<meta property=\"og:url\" content=\"https:\/\/stowarzyszenie-razem.pl\/uk\/2024\/12\/10\/otwarcie-sklepu-lewiatan-w-niemcach-05-12-2024r\/\" \/>\n<meta property=\"og:site_name\" content=\"Stowarzyszenie Razem - Operator sieci Lewiatan\" \/>\n<meta property=\"article:publisher\" content=\"https:\/\/www.facebook.com\/lewiatanlubelskie\/\" \/>\n<meta property=\"article:published_time\" content=\"2024-12-10T13:56:02+00:00\" \/>\n<meta property=\"article:modified_time\" content=\"2025-04-24T10:05:50+00:00\" \/>\n<meta property=\"og:image\" content=\"https:\/\/stowarzyszenie-razem.pl\/wp-content\/uploads\/2024\/12\/Zdjecie-WhatsApp-2024-12-06-o-11.41.12_6a589f37.jpg\" \/>\n\t<meta property=\"og:image:width\" content=\"1600\" \/>\n\t<meta property=\"og:image:height\" content=\"1200\" \/>\n\t<meta property=\"og:image:type\" content=\"image\/jpeg\" \/>\n<meta name=\"author\" content=\"admin\" \/>\n<meta name=\"twitter:card\" content=\"summary_large_image\" \/>\n<meta name=\"twitter:label1\" content=\"\u041d\u0430\u043f\u0438\u0441\u0430\u043d\u043e\" \/>\n\t<meta name=\"twitter:data1\" content=\"admin\" \/>\n\t<meta name=\"twitter:label2\" content=\"\u041f\u0440\u0438\u0431\u043b. \u0447\u0430\u0441 \u0447\u0438\u0442\u0430\u043d\u043d\u044f\" \/>\n\t<meta name=\"twitter:data2\" content=\"2 \u0445\u0432\u0438\u043b\u0438\u043d\u0438\" \/>\n<script type=\"application\/ld+json\" class=\"yoast-schema-graph\">{\"@context\":\"https:\/\/schema.org\",\"@graph\":[{\"@type\":\"Article\",\"@id\":\"https:\/\/stowarzyszenie-razem.pl\/2024\/12\/10\/otwarcie-sklepu-lewiatan-w-niemcach-05-12-2024r\/#article\",\"isPartOf\":{\"@id\":\"https:\/\/stowarzyszenie-razem.pl\/2024\/12\/10\/otwarcie-sklepu-lewiatan-w-niemcach-05-12-2024r\/\"},\"author\":{\"name\":\"admin\",\"@id\":\"https:\/\/stowarzyszenie-razem.pl\/#\/schema\/person\/4735cf0bb3a31e80d50bcbb9daeeb316\"},\"headline\":\"Otwarcie sklepu Lewiatan w Niemcach 05.12.2024r\",\"datePublished\":\"2024-12-10T13:56:02+00:00\",\"dateModified\":\"2025-04-24T10:05:50+00:00\",\"mainEntityOfPage\":{\"@id\":\"https:\/\/stowarzyszenie-razem.pl\/2024\/12\/10\/otwarcie-sklepu-lewiatan-w-niemcach-05-12-2024r\/\"},\"wordCount\":101,\"publisher\":{\"@id\":\"https:\/\/stowarzyszenie-razem.pl\/#organization\"},\"image\":{\"@id\":\"https:\/\/stowarzyszenie-razem.pl\/2024\/12\/10\/otwarcie-sklepu-lewiatan-w-niemcach-05-12-2024r\/#primaryimage\"},\"thumbnailUrl\":\"https:\/\/stowarzyszenie-razem.pl\/wp-content\/uploads\/2024\/12\/Zdjecie-WhatsApp-2024-12-06-o-11.41.12_6a589f37.jpg\",\"articleSection\":[\"Nowy Sklep\"],\"inLanguage\":\"uk\"},{\"@type\":\"WebPage\",\"@id\":\"https:\/\/stowarzyszenie-razem.pl\/2024\/12\/10\/otwarcie-sklepu-lewiatan-w-niemcach-05-12-2024r\/\",\"url\":\"https:\/\/stowarzyszenie-razem.pl\/2024\/12\/10\/otwarcie-sklepu-lewiatan-w-niemcach-05-12-2024r\/\",\"name\":\"Otwarcie sklepu Lewiatan w Niemcach 05.12.2024r - Stowarzyszenie Razem - Operator sieci Lewiatan\",\"isPartOf\":{\"@id\":\"https:\/\/stowarzyszenie-razem.pl\/#website\"},\"primaryImageOfPage\":{\"@id\":\"https:\/\/stowarzyszenie-razem.pl\/2024\/12\/10\/otwarcie-sklepu-lewiatan-w-niemcach-05-12-2024r\/#primaryimage\"},\"image\":{\"@id\":\"https:\/\/stowarzyszenie-razem.pl\/2024\/12\/10\/otwarcie-sklepu-lewiatan-w-niemcach-05-12-2024r\/#primaryimage\"},\"thumbnailUrl\":\"https:\/\/stowarzyszenie-razem.pl\/wp-content\/uploads\/2024\/12\/Zdjecie-WhatsApp-2024-12-06-o-11.41.12_6a589f37.jpg\",\"datePublished\":\"2024-12-10T13:56:02+00:00\",\"dateModified\":\"2025-04-24T10:05:50+00:00\",\"breadcrumb\":{\"@id\":\"https:\/\/stowarzyszenie-razem.pl\/2024\/12\/10\/otwarcie-sklepu-lewiatan-w-niemcach-05-12-2024r\/#breadcrumb\"},\"inLanguage\":\"uk\",\"potentialAction\":[{\"@type\":\"ReadAction\",\"target\":[\"https:\/\/stowarzyszenie-razem.pl\/2024\/12\/10\/otwarcie-sklepu-lewiatan-w-niemcach-05-12-2024r\/\"]}]},{\"@type\":\"ImageObject\",\"inLanguage\":\"uk\",\"@id\":\"https:\/\/stowarzyszenie-razem.pl\/2024\/12\/10\/otwarcie-sklepu-lewiatan-w-niemcach-05-12-2024r\/#primaryimage\",\"url\":\"https:\/\/stowarzyszenie-razem.pl\/wp-content\/uploads\/2024\/12\/Zdjecie-WhatsApp-2024-12-06-o-11.41.12_6a589f37.jpg\",\"contentUrl\":\"https:\/\/stowarzyszenie-razem.pl\/wp-content\/uploads\/2024\/12\/Zdjecie-WhatsApp-2024-12-06-o-11.41.12_6a589f37.jpg\",\"width\":1600,\"height\":1200},{\"@type\":\"BreadcrumbList\",\"@id\":\"https:\/\/stowarzyszenie-razem.pl\/2024\/12\/10\/otwarcie-sklepu-lewiatan-w-niemcach-05-12-2024r\/#breadcrumb\",\"itemListElement\":[{\"@type\":\"ListItem\",\"position\":1,\"name\":\"Strona g\u0142\u00f3wna\",\"item\":\"https:\/\/stowarzyszenie-razem.pl\/\"},{\"@type\":\"ListItem\",\"position\":2,\"name\":\"Otwarcie sklepu Lewiatan w Niemcach 05.12.2024r\"}]},{\"@type\":\"WebSite\",\"@id\":\"https:\/\/stowarzyszenie-razem.pl\/#website\",\"url\":\"https:\/\/stowarzyszenie-razem.pl\/\",\"name\":\"Stowarzyszenie Razem - Operator sieci Lewiatan\",\"description\":\"Biuro sieci Lewiatan w Lublinie\",\"publisher\":{\"@id\":\"https:\/\/stowarzyszenie-razem.pl\/#organization\"},\"potentialAction\":[{\"@type\":\"SearchAction\",\"target\":{\"@type\":\"EntryPoint\",\"urlTemplate\":\"https:\/\/stowarzyszenie-razem.pl\/?s={search_term_string}\"},\"query-input\":\"required name=search_term_string\"}],\"inLanguage\":\"uk\"},{\"@type\":\"Organization\",\"@id\":\"https:\/\/stowarzyszenie-razem.pl\/#organization\",\"name\":\"Stowarzyszenie Razem - Operator sieci Lewiatan\",\"url\":\"https:\/\/stowarzyszenie-razem.pl\/\",\"logo\":{\"@type\":\"ImageObject\",\"inLanguage\":\"uk\",\"@id\":\"https:\/\/stowarzyszenie-razem.pl\/#\/schema\/logo\/image\/\",\"url\":\"https:\/\/stowarzyszenie-razem.pl\/wp-content\/uploads\/2023\/05\/logo-lew-samo1.png\",\"contentUrl\":\"https:\/\/stowarzyszenie-razem.pl\/wp-content\/uploads\/2023\/05\/logo-lew-samo1.png\",\"width\":420,\"height\":175,\"caption\":\"Stowarzyszenie Razem - Operator sieci Lewiatan\"},\"image\":{\"@id\":\"https:\/\/stowarzyszenie-razem.pl\/#\/schema\/logo\/image\/\"},\"sameAs\":[\"https:\/\/www.facebook.com\/lewiatanlubelskie\/\",\"https:\/\/www.instagram.com\/lewiatanlubelskie\/\"]},{\"@type\":\"Person\",\"@id\":\"https:\/\/stowarzyszenie-razem.pl\/#\/schema\/person\/4735cf0bb3a31e80d50bcbb9daeeb316\",\"name\":\"admin\",\"image\":{\"@type\":\"ImageObject\",\"inLanguage\":\"uk\",\"@id\":\"https:\/\/stowarzyszenie-razem.pl\/#\/schema\/person\/image\/\",\"url\":\"https:\/\/secure.gravatar.com\/avatar\/ad5db761b2e1f524e2122533dd21c8ab28c47b349c64e9f5e5e0e12a1611b7a7?s=96&d=mm&r=g\",\"contentUrl\":\"https:\/\/secure.gravatar.com\/avatar\/ad5db761b2e1f524e2122533dd21c8ab28c47b349c64e9f5e5e0e12a1611b7a7?s=96&d=mm&r=g\",\"caption\":\"admin\"},\"sameAs\":[\"https:\/\/stowarzyszenie-razem.pl\"],\"url\":\"https:\/\/stowarzyszenie-razem.pl\/uk\/author\/admin\/\"}]}<\/script>\n<!-- \/ Yoast SEO plugin. -->","yoast_head_json":{"title":"Otwarcie sklepu Lewiatan w Niemcach 05.12.2024r - Stowarzyszenie Razem - Operator sieci Lewiatan","robots":{"index":"index","follow":"follow","max-snippet":"max-snippet:-1","max-image-preview":"max-image-preview:large","max-video-preview":"max-video-preview:-1"},"canonical":"https:\/\/stowarzyszenie-razem.pl\/uk\/2024\/12\/10\/otwarcie-sklepu-lewiatan-w-niemcach-05-12-2024r\/","og_locale":"uk_UA","og_type":"article","og_title":"Otwarcie sklepu Lewiatan w Niemcach 05.12.2024r - Stowarzyszenie Razem - Operator sieci Lewiatan","og_description":"W dniu 05.12.2024 odby\u0142o si\u0119 otwarcie nowego supermarketu Lewiatan w Niemcach przy ul. Lubelskiej 184. Sklep o powierzchni 600m sali sprzeda\u017cowej posiada bogaty asortyment artyku\u0142\u00f3w spo\u017cywczych oraz przemys\u0142owych. Wizualizacja zewn\u0119trzna i wewn\u0119trzna, wyposa\u017cenie,\u00a0 aran\u017cacja\u00a0 zosta\u0142y\u00a0 wykonane zgodnie z\u00a0 najnowszymi standardami sieci Lewiatan. Podczas otwarcia sklepu klienci mogli skorzysta\u0107 z przygotowanych specjalnie na t\u0119 okazj\u0119 promocji &hellip; Otwarcie sklepu Lewiatan w Niemcach 05.12.2024r \u0414\u043e\u043a\u043b\u0430\u0434\u043d\u0456\u0448\u0435 &raquo;","og_url":"https:\/\/stowarzyszenie-razem.pl\/uk\/2024\/12\/10\/otwarcie-sklepu-lewiatan-w-niemcach-05-12-2024r\/","og_site_name":"Stowarzyszenie Razem - Operator sieci Lewiatan","article_publisher":"https:\/\/www.facebook.com\/lewiatanlubelskie\/","article_published_time":"2024-12-10T13:56:02+00:00","article_modified_time":"2025-04-24T10:05:50+00:00","og_image":[{"width":1600,"height":1200,"url":"https:\/\/stowarzyszenie-razem.pl\/wp-content\/uploads\/2024\/12\/Zdjecie-WhatsApp-2024-12-06-o-11.41.12_6a589f37.jpg","type":"image\/jpeg"}],"author":"admin","twitter_card":"summary_large_image","twitter_misc":{"\u041d\u0430\u043f\u0438\u0441\u0430\u043d\u043e":"admin","\u041f\u0440\u0438\u0431\u043b. \u0447\u0430\u0441 \u0447\u0438\u0442\u0430\u043d\u043d\u044f":"2 \u0445\u0432\u0438\u043b\u0438\u043d\u0438"},"schema":{"@context":"https:\/\/schema.org","@graph":[{"@type":"Article","@id":"https:\/\/stowarzyszenie-razem.pl\/2024\/12\/10\/otwarcie-sklepu-lewiatan-w-niemcach-05-12-2024r\/#article","isPartOf":{"@id":"https:\/\/stowarzyszenie-razem.pl\/2024\/12\/10\/otwarcie-sklepu-lewiatan-w-niemcach-05-12-2024r\/"},"author":{"name":"admin","@id":"https:\/\/stowarzyszenie-razem.pl\/#\/schema\/person\/4735cf0bb3a31e80d50bcbb9daeeb316"},"headline":"Otwarcie sklepu Lewiatan w Niemcach 05.12.2024r","datePublished":"2024-12-10T13:56:02+00:00","dateModified":"2025-04-24T10:05:50+00:00","mainEntityOfPage":{"@id":"https:\/\/stowarzyszenie-razem.pl\/2024\/12\/10\/otwarcie-sklepu-lewiatan-w-niemcach-05-12-2024r\/"},"wordCount":101,"publisher":{"@id":"https:\/\/stowarzyszenie-razem.pl\/#organization"},"image":{"@id":"https:\/\/stowarzyszenie-razem.pl\/2024\/12\/10\/otwarcie-sklepu-lewiatan-w-niemcach-05-12-2024r\/#primaryimage"},"thumbnailUrl":"https:\/\/stowarzyszenie-razem.pl\/wp-content\/uploads\/2024\/12\/Zdjecie-WhatsApp-2024-12-06-o-11.41.12_6a589f37.jpg","articleSection":["Nowy Sklep"],"inLanguage":"uk"},{"@type":"WebPage","@id":"https:\/\/stowarzyszenie-razem.pl\/2024\/12\/10\/otwarcie-sklepu-lewiatan-w-niemcach-05-12-2024r\/","url":"https:\/\/stowarzyszenie-razem.pl\/2024\/12\/10\/otwarcie-sklepu-lewiatan-w-niemcach-05-12-2024r\/","name":"Otwarcie sklepu Lewiatan w Niemcach 05.12.2024r - Stowarzyszenie Razem - Operator sieci Lewiatan","isPartOf":{"@id":"https:\/\/stowarzyszenie-razem.pl\/#website"},"primaryImageOfPage":{"@id":"https:\/\/stowarzyszenie-razem.pl\/2024\/12\/10\/otwarcie-sklepu-lewiatan-w-niemcach-05-12-2024r\/#primaryimage"},"image":{"@id":"https:\/\/stowarzyszenie-razem.pl\/2024\/12\/10\/otwarcie-sklepu-lewiatan-w-niemcach-05-12-2024r\/#primaryimage"},"thumbnailUrl":"https:\/\/stowarzyszenie-razem.pl\/wp-content\/uploads\/2024\/12\/Zdjecie-WhatsApp-2024-12-06-o-11.41.12_6a589f37.jpg","datePublished":"2024-12-10T13:56:02+00:00","dateModified":"2025-04-24T10:05:50+00:00","breadcrumb":{"@id":"https:\/\/stowarzyszenie-razem.pl\/2024\/12\/10\/otwarcie-sklepu-lewiatan-w-niemcach-05-12-2024r\/#breadcrumb"},"inLanguage":"uk","potentialAction":[{"@type":"ReadAction","target":["https:\/\/stowarzyszenie-razem.pl\/2024\/12\/10\/otwarcie-sklepu-lewiatan-w-niemcach-05-12-2024r\/"]}]},{"@type":"ImageObject","inLanguage":"uk","@id":"https:\/\/stowarzyszenie-razem.pl\/2024\/12\/10\/otwarcie-sklepu-lewiatan-w-niemcach-05-12-2024r\/#primaryimage","url":"https:\/\/stowarzyszenie-razem.pl\/wp-content\/uploads\/2024\/12\/Zdjecie-WhatsApp-2024-12-06-o-11.41.12_6a589f37.jpg","contentUrl":"https:\/\/stowarzyszenie-razem.pl\/wp-content\/uploads\/2024\/12\/Zdjecie-WhatsApp-2024-12-06-o-11.41.12_6a589f37.jpg","width":1600,"height":1200},{"@type":"BreadcrumbList","@id":"https:\/\/stowarzyszenie-razem.pl\/2024\/12\/10\/otwarcie-sklepu-lewiatan-w-niemcach-05-12-2024r\/#breadcrumb","itemListElement":[{"@type":"ListItem","position":1,"name":"Strona g\u0142\u00f3wna","item":"https:\/\/stowarzyszenie-razem.pl\/"},{"@type":"ListItem","position":2,"name":"Otwarcie sklepu Lewiatan w Niemcach 05.12.2024r"}]},{"@type":"WebSite","@id":"https:\/\/stowarzyszenie-razem.pl\/#website","url":"https:\/\/stowarzyszenie-razem.pl\/","name":"Stowarzyszenie Razem - Operator sieci Lewiatan","description":"Biuro sieci Lewiatan w Lublinie","publisher":{"@id":"https:\/\/stowarzyszenie-razem.pl\/#organization"},"potentialAction":[{"@type":"SearchAction","target":{"@type":"EntryPoint","urlTemplate":"https:\/\/stowarzyszenie-razem.pl\/?s={search_term_string}"},"query-input":"required name=search_term_string"}],"inLanguage":"uk"},{"@type":"Organization","@id":"https:\/\/stowarzyszenie-razem.pl\/#organization","name":"Stowarzyszenie Razem - Operator sieci Lewiatan","url":"https:\/\/stowarzyszenie-razem.pl\/","logo":{"@type":"ImageObject","inLanguage":"uk","@id":"https:\/\/stowarzyszenie-razem.pl\/#\/schema\/logo\/image\/","url":"https:\/\/stowarzyszenie-razem.pl\/wp-content\/uploads\/2023\/05\/logo-lew-samo1.png","contentUrl":"https:\/\/stowarzyszenie-razem.pl\/wp-content\/uploads\/2023\/05\/logo-lew-samo1.png","width":420,"height":175,"caption":"Stowarzyszenie Razem - Operator sieci Lewiatan"},"image":{"@id":"https:\/\/stowarzyszenie-razem.pl\/#\/schema\/logo\/image\/"},"sameAs":["https:\/\/www.facebook.com\/lewiatanlubelskie\/","https:\/\/www.instagram.com\/lewiatanlubelskie\/"]},{"@type":"Person","@id":"https:\/\/stowarzyszenie-razem.pl\/#\/schema\/person\/4735cf0bb3a31e80d50bcbb9daeeb316","name":"admin","image":{"@type":"ImageObject","inLanguage":"uk","@id":"https:\/\/stowarzyszenie-razem.pl\/#\/schema\/person\/image\/","url":"https:\/\/secure.gravatar.com\/avatar\/ad5db761b2e1f524e2122533dd21c8ab28c47b349c64e9f5e5e0e12a1611b7a7?s=96&d=mm&r=g","contentUrl":"https:\/\/secure.gravatar.com\/avatar\/ad5db761b2e1f524e2122533dd21c8ab28c47b349c64e9f5e5e0e12a1611b7a7?s=96&d=mm&r=g","caption":"admin"},"sameAs":["https:\/\/stowarzyszenie-razem.pl"],"url":"https:\/\/stowarzyszenie-razem.pl\/uk\/author\/admin\/"}]}},"_links":{"self":[{"href":"https:\/\/stowarzyszenie-razem.pl\/uk\/wp-json\/wp\/v2\/posts\/946","targetHints":{"allow":["GET"]}}],"collection":[{"href":"https:\/\/stowarzyszenie-razem.pl\/uk\/wp-json\/wp\/v2\/posts"}],"about":[{"href":"https:\/\/stowarzyszenie-razem.pl\/uk\/wp-json\/wp\/v2\/types\/post"}],"author":[{"embeddable":true,"href":"https:\/\/stowarzyszenie-razem.pl\/uk\/wp-json\/wp\/v2\/users\/1"}],"replies":[{"embeddable":true,"href":"https:\/\/stowarzyszenie-razem.pl\/uk\/wp-json\/wp\/v2\/comments?post=946"}],"version-history":[{"count":2,"href":"https:\/\/stowarzyszenie-razem.pl\/uk\/wp-json\/wp\/v2\/posts\/946\/revisions"}],"predecessor-version":[{"id":954,"href":"https:\/\/stowarzyszenie-razem.pl\/uk\/wp-json\/wp\/v2\/posts\/946\/revisions\/954"}],"wp:featuredmedia":[{"embeddable":true,"href":"https:\/\/stowarzyszenie-razem.pl\/uk\/wp-json\/wp\/v2\/media\/950"}],"wp:attachment":[{"href":"https:\/\/stowarzyszenie-razem.pl\/uk\/wp-json\/wp\/v2\/media?parent=946"}],"wp:term":[{"taxonomy":"category","embeddable":true,"href":"https:\/\/stowarzyszenie-razem.pl\/uk\/wp-json\/wp\/v2\/categories?post=946"},{"taxonomy":"post_tag","embeddable":true,"href":"https:\/\/stowarzyszenie-razem.pl\/uk\/wp-json\/wp\/v2\/tags?post=946"}],"curies":[{"name":"wp","href":"https:\/\/api.w.org\/{rel}","templated":true}]}}